{"id":17272,"__str__":"Projeto de Resolu\u00e7\u00e3o n\u00ba 8 de 2023","link_detail_backend":"/materia/17272","metadata":{},"numero":8,"ano":2023,"numero_protocolo":null,"data_apresentacao":"2023-06-27","tipo_apresentacao":"E","data_publicacao":null,"numero_origem_externa":"","ano_origem_externa":null,"data_origem_externa":null,"apelido":"","dias_prazo":null,"data_fim_prazo":null,"em_tramitacao":false,"polemica":false,"objeto":"","complementar":false,"ementa":"Disp\u00f5e sobre a reorganiza\u00e7\u00e3o do Quadro de Pessoal da C\u00e2mara Municipal de Votorantim e d\u00e1 outras provid\u00eancias.","indexacao":"Disp\u00f5e sobre a reorganiza\u00e7\u00e3o do Quadro de Pessoal da C\u00e2mara Municipal de Votorantim e d\u00e1 outras provid\u00eancias.","observacao":"","resultado":"","texto_original":"http://sapl.votorantim.sp.leg.br/media/sapl/public/materialegislativa/2023/17272/008-23_-_mesa_diretora_-_dispoe_sobre_a_reorganizacao_do_quadro_de_pessoal_da_camara_municipal_de_votorantim_ii.pdf","data_ultima_atualizacao":"2023-09-26T14:08:48.349625-03:00","ip":"177.84.244.237","ultima_edicao":"2023-06-27T08:40:26.723369-03:00","tipo":2,"regime_tramitacao":1,"tipo_origem_externa":null,"local_origem_externa":null,"user":20,"anexadas":[17599],"autores":[18]}