{"id":19924,"__str__":"Indica\u00e7\u00e3o n\u00ba 302 de 2025","link_detail_backend":"/materia/19924","metadata":{},"numero":302,"ano":2025,"numero_protocolo":null,"data_apresentacao":"2025-04-29","tipo_apresentacao":"O","data_publicacao":null,"numero_origem_externa":"","ano_origem_externa":null,"data_origem_externa":null,"apelido":"","dias_prazo":null,"data_fim_prazo":null,"em_tramitacao":true,"polemica":false,"objeto":"","complementar":false,"ementa":"Sugere \u00e0 Administra\u00e7\u00e3o Municipal que o setor competente estude a possibilidade de substituir as atuais l\u00e2mpadas do sistema de ilumina\u00e7\u00e3o p\u00fablica de toda extens\u00e3o da Rua Eug\u00eanio Espelho, do bairro Jardim Clarice, por l\u00e2mpadas de LED","indexacao":"Rua Eug\u00eanio Espelho bairro Jardim Clarice l\u00e2mpadas de LED","observacao":"","resultado":"","texto_original":"http://sapl.votorantim.sp.leg.br/media/sapl/public/materialegislativa/2025/19924/302-25_-_dms.pdf","data_ultima_atualizacao":"2025-04-29T11:42:10.403654-03:00","ip":"177.84.244.237","ultima_edicao":"2025-04-29T11:42:10.253307-03:00","tipo":8,"regime_tramitacao":1,"tipo_origem_externa":null,"local_origem_externa":null,"user":38,"anexadas":[],"autores":[94]}