{"id":4934,"__str__":"Votos de pesar n\u00ba 46 de 2009","link_detail_backend":"/materia/4934","metadata":{},"numero":46,"ano":2009,"numero_protocolo":null,"data_apresentacao":"2009-06-08","tipo_apresentacao":"E","data_publicacao":null,"numero_origem_externa":"","ano_origem_externa":null,"data_origem_externa":null,"apelido":"","dias_prazo":null,"data_fim_prazo":null,"em_tramitacao":true,"polemica":false,"objeto":"","complementar":false,"ementa":"\u2013 DISP\u00d5E SOBRE UM VOTO DE PROFUNDO PESAR PELO FALECIMENTO DAS V\u00cdTIMAS DA TRAG\u00c9DIA OCORRIDA NO \u00daLTIMO DIA 02 DE JUNHO DO CORRENTE, NO V\u00d4O AF - AIR FRANCE 447.","indexacao":"PROFUNDO PESAR FALECIMENTO V\u00cdTIMAS TRAG\u00c9DIA V\u00d4O AIR FRANCE 447.","observacao":"","resultado":"","texto_original":"http://sapl.votorantim.sp.leg.br/media/sapl/public/materialegislativa/2009/4934/4934_texto_integral.pdf","data_ultima_atualizacao":"2018-10-09T08:17:18.722972-03:00","ip":"","ultima_edicao":null,"tipo":10,"regime_tramitacao":1,"tipo_origem_externa":null,"local_origem_externa":null,"user":null,"anexadas":[],"autores":[28]}