{"id":6621,"__str__":"Indica\u00e7\u00e3o n\u00ba 280 de 2010","link_detail_backend":"/materia/6621","metadata":{},"numero":280,"ano":2010,"numero_protocolo":null,"data_apresentacao":"2010-04-19","tipo_apresentacao":"E","data_publicacao":null,"numero_origem_externa":"","ano_origem_externa":null,"data_origem_externa":null,"apelido":"","dias_prazo":null,"data_fim_prazo":null,"em_tramitacao":true,"polemica":false,"objeto":"","complementar":false,"ementa":"SUGERE \u00c0 ADMINISTRA\u00c7\u00c3O PROVID\u00caNCIAS QUANTO A REPINTURA DA FAIXA DE PEDESTRES; PLACAS INDICATIVAS DE ESCOLA E REDUTOR DE VELOCIDADE NAS PROXIMIDADES DA E.E. \u201cEVIL\u00c1SIO DE G\u00d3ES VIEIRA\u201d, NA AVENIDA CRISTIANO VIEIRA PEDRICO, NA VILA GUILHERME, E TAMB\u00c9M SERVI\u00c7OS DE LIMPEZA E CAPINA\u00c7\u00c3O AO REDOR DA REFERIDA ESCOLA.","indexacao":"FAIXA PEDESTRES REDUTOR LIMPEZA CAPINA\u00c7\u00c3O RADAR LOMBADA.","observacao":"Vide Resposta em Documento Acess\u00f3rio","resultado":"","texto_original":"http://sapl.votorantim.sp.leg.br/media/sapl/public/materialegislativa/2010/6621/6621_texto_integral.pdf","data_ultima_atualizacao":"2018-10-09T08:17:16.218669-03:00","ip":"","ultima_edicao":null,"tipo":8,"regime_tramitacao":1,"tipo_origem_externa":null,"local_origem_externa":null,"user":null,"anexadas":[],"autores":[21]}