{"headers": {"id": "ID", "periodo": "Per\u00edodo", "titulo": "Mat\u00e9ria", "autor": "Autor", "ementa": "Ementa", "situacao": "Situa\u00e7\u00e3o"}, "results": [{"id": 19757, "periodo": "ordem dia", "titulo": "Projeto de Lei Ordin\u00e1ria n\u00ba 26 de 2025", "autor": "Fernando Fernandes", "ementa": "Institui o dia da M\u00e3e At\u00edpica no munic\u00edpio de Votorantim.", "situacao": "Inclu\u00eddo na Ordem do Dia"}, {"id": 20081, "periodo": "expediente", "titulo": "Pauta Expediente n\u00ba 17 de 2025", "autor": "Todos Vereadores", "ementa": "Pauta do Expediente da 17\u00aa sess\u00e3o Ordin\u00e1ria.", "situacao": "Apresentado no Plen\u00e1rio"}]}